{"id":112,"date":"2022-06-22T00:54:24","date_gmt":"2022-06-22T03:54:24","guid":{"rendered":"https:\/\/verabernardes.com.br\/blog\/?p=112"},"modified":"2023-03-17T12:23:17","modified_gmt":"2023-03-17T15:23:17","slug":"5-razoes-para-morar-na-zona-sul-de-porto-alegre","status":"publish","type":"post","link":"https:\/\/www.verabernardes.com.br\/blog\/5-razoes-para-morar-na-zona-sul-de-porto-alegre\/","title":{"rendered":"5 raz\u00f5es para morar na Zona Sul de Porto Alegre"},"content":{"rendered":"<p>&nbsp;<\/p>\n<h2><strong>Apaixonar-se pela Zona Sul de Porto Alegre \u00e9 f\u00e1cil<\/strong><\/h2>\n<p>A come\u00e7ar pela onipresen\u00e7a do Lago Gua\u00edba, que traz aquele fresquinho com clima de praia para a cidade grande. Tranquilidade, rica gastronomia, v\u00e1rios espa\u00e7os para a pr\u00e1tica de esportes e belos cen\u00e1rios para passeios completam o pacote para quem quer morar afastado da correria, sem perder a mobilidade pr\u00e1tica para o centro da cidade \u2013 que, afinal de contas, n\u00e3o fica longe dali. Selecionamos 5 raz\u00f5es para <em><a href=\"https:\/\/verabernardes.com.br\/blog\/vantagens-de-morar-na-zona-sul\/\" target=\"_blank\" rel=\"noopener\">escolher a Zona Sul como o seu canto em Porto Alegre<\/a><\/em>.<\/p>\n<h3><strong>1 \u2013 Contato com a natureza<\/strong><\/h3>\n<p><img loading=\"lazy\" decoding=\"async\" class=\"alignnone wp-image-113 size-medium\" src=\"https:\/\/verabernardes.com.br\/blog\/wp-content\/uploads\/2022\/06\/blog2-3-300x200.jpg\" alt=\"Escadas em uma \u00e1rea verde\" width=\"300\" height=\"200\" srcset=\"https:\/\/www.verabernardes.com.br\/blog\/wp-content\/uploads\/2022\/06\/blog2-3-300x200.jpg 300w, https:\/\/www.verabernardes.com.br\/blog\/wp-content\/uploads\/2022\/06\/blog2-3.jpg 450w\" sizes=\"auto, (max-width: 300px) 100vw, 300px\" \/><\/p>\n<p>Na orla do Gua\u00edba, na altura do bairro de Ipanema, residem a beleza e o charme que d\u00e3o o tom da Zona Sul. Parques, gramados, ciclovias e recantos para saborear um chimarr\u00e3o e praticar esportes dividem as aten\u00e7\u00f5es com o lago, que imprime o clima de praia. Para quem prefere um contato mais direto com a natureza, o Morro do Osso, na altura do n\u00famero 170 da Rua Irm\u00e3 Jacomina Varonese, oferece ao visitante resqu\u00edcios da Mata Atl\u00e2ntica em 220 hectares de \u00e1rea natural. De l\u00e1 \u00e9 poss\u00edvel contemplar a vista da cidade, que inclui o Gua\u00edba, o delta do Rio Jacu\u00ed e outros morros. E na Vila Nova fica o Parque Gabriel Knijnik (foto), com suas \u00e1rvores frut\u00edferas e esp\u00e9cies de eucaliptos e pinus, para deleite dos frequentadores. Um charmoso coreto, mais playground, churrasqueiras e quadras para a pr\u00e1tica de esportes completam o espa\u00e7o localizado na Estrada Amap\u00e1.<\/p>\n<h3><strong>2 &#8211; Com\u00e9rcio e servi\u00e7os diversificados<\/strong><\/h3>\n<p><img loading=\"lazy\" decoding=\"async\" class=\"alignnone wp-image-114 size-medium\" src=\"https:\/\/verabernardes.com.br\/blog\/wp-content\/uploads\/2022\/06\/blog2-4-300x200.jpg\" alt=\"Shopping\" width=\"300\" height=\"200\" srcset=\"https:\/\/www.verabernardes.com.br\/blog\/wp-content\/uploads\/2022\/06\/blog2-4-300x200.jpg 300w, https:\/\/www.verabernardes.com.br\/blog\/wp-content\/uploads\/2022\/06\/blog2-4-1024x683.jpg 1024w, https:\/\/www.verabernardes.com.br\/blog\/wp-content\/uploads\/2022\/06\/blog2-4-768x512.jpg 768w, https:\/\/www.verabernardes.com.br\/blog\/wp-content\/uploads\/2022\/06\/blog2-4.jpg 1107w\" sizes=\"auto, (max-width: 300px) 100vw, 300px\" \/><\/p>\n<p>A Zona Sul de Porto Alegre conta com v\u00e1rios mercados e hipermercados, sal\u00f5es de beleza e est\u00e9tica, pet shops e outros servi\u00e7os essenciais. Grandes lojas de departamento dividem espa\u00e7o com lojinhas menores, que vendem roupas, sapatos, m\u00f3veis e outros itens em um formato mais acolhedor e exclusivo. E h\u00e1 o BarraShoppingSul (foto), um dos maiores shoppings da cidade. N\u00e3o vai ser preciso sair da regi\u00e3o para resolver a vida!<\/p>\n<h3><strong>3 \u2013 Excelente atendimento em sa\u00fade<\/strong><\/h3>\n<p><img loading=\"lazy\" decoding=\"async\" class=\"alignnone wp-image-115 size-medium\" src=\"https:\/\/verabernardes.com.br\/blog\/wp-content\/uploads\/2022\/06\/blog2-5-300x225.jpg\" alt=\"Hospital\" width=\"300\" height=\"225\" srcset=\"https:\/\/www.verabernardes.com.br\/blog\/wp-content\/uploads\/2022\/06\/blog2-5-300x225.jpg 300w, https:\/\/www.verabernardes.com.br\/blog\/wp-content\/uploads\/2022\/06\/blog2-5.jpg 600w\" sizes=\"auto, (max-width: 300px) 100vw, 300px\" \/><\/p>\n<p>Tr\u00eas hospitais est\u00e3o \u00e0 disposi\u00e7\u00e3o da popula\u00e7\u00e3o na Zona Sul de Porto Alegre: o Hospital Restinga, o Hospital Divida Provid\u00eancia e o Hospital M\u00e3e de Deus (foto), com atendimentos a conv\u00eanios, SUS e consultas particulares. Cl\u00ednicas e laborat\u00f3rios de an\u00e1lises completam os servi\u00e7os da regi\u00e3o nessa \u00e1rea. Assim, n\u00e3o \u00e9 preciso se deslocar at\u00e9 o centro da cidade em caso de emerg\u00eancias m\u00e9dicas ou para cuidar da sa\u00fade.<\/p>\n<h3><strong>4 \u2013 Arte e cultura do lado de casa<\/strong><\/h3>\n<p><img loading=\"lazy\" decoding=\"async\" class=\"alignnone wp-image-116 size-medium\" src=\"https:\/\/verabernardes.com.br\/blog\/wp-content\/uploads\/2022\/06\/blog2-6-300x225.jpg\" alt=\"Museu\" width=\"300\" height=\"225\" srcset=\"https:\/\/www.verabernardes.com.br\/blog\/wp-content\/uploads\/2022\/06\/blog2-6-300x225.jpg 300w, https:\/\/www.verabernardes.com.br\/blog\/wp-content\/uploads\/2022\/06\/blog2-6.jpg 550w\" sizes=\"auto, (max-width: 300px) 100vw, 300px\" \/><\/p>\n<p>Para quem n\u00e3o dispensa um programa cultural, a regi\u00e3o tamb\u00e9m oferece excelentes possibilidades para anotar na agenda e curtir depois da pandemia. Duas se destacam. A Funda\u00e7\u00e3o Iber\u00ea Camargo (foto), na Av. Padre Cacique, abriga a obra do aclamado artista pl\u00e1stico ga\u00facho e uma programa\u00e7\u00e3o extensa, que inclui exposi\u00e7\u00f5es de obras de outros artistas, ciclos de cinema, debates e semin\u00e1rios. J\u00e1 no Espa\u00e7o Maestro, o que reina \u00e9 a m\u00fasica. Na Rua Doutor Barcelos, o misto de bar, restaurante e centro cultural, apresenta uma programa\u00e7\u00e3o de shows ao vivo bastante interessante, al\u00e9m de festas tem\u00e1ticas e ambientes agrad\u00e1veis para curtir um happy hour com os amigos (quando for poss\u00edvel!).<\/p>\n<h3><strong>5 \u2013 Gastronomia variada<\/strong><\/h3>\n<p><img loading=\"lazy\" decoding=\"async\" class=\"alignnone wp-image-121 size-medium\" src=\"https:\/\/verabernardes.com.br\/blog\/wp-content\/uploads\/2022\/06\/blog2-8-300x201.jpg\" alt=\"Restaurante\" width=\"300\" height=\"201\" srcset=\"https:\/\/www.verabernardes.com.br\/blog\/wp-content\/uploads\/2022\/06\/blog2-8-300x201.jpg 300w, https:\/\/www.verabernardes.com.br\/blog\/wp-content\/uploads\/2022\/06\/blog2-8.jpg 350w\" sizes=\"auto, (max-width: 300px) 100vw, 300px\" \/><\/p>\n<p>Mesmo na era do take away e do delivery, as <em><a href=\"https:\/\/verabernardes.com.br\/blog\/opcoes-gastronomicas-na-zona-sul-de-porto-alegre\/\" target=\"_blank\" rel=\"noopener\">diversas op\u00e7\u00f5es de restaurantes da Zona Sul de Porto Alegre seguem na ativa<\/a><\/em>. E h\u00e1 para todos os paladares e est\u00f4magos. No Nataraj, no bairro Tristeza, \u00e9 poss\u00edvel saborear pratos vegetarianos e veganos. Cozinha brasileira de diferentes regi\u00f5es do pa\u00eds servida em pratos generosos com apresenta\u00e7\u00e3o impec\u00e1vel \u00e9 no Iai\u00e1 Bistr\u00f4, na Rua Chavantes, junto \u00e0 r\u00f3tula da Av. Wenceslau Escobar com a Rua Pereira Passos. No Al Nur, refer\u00eancia em culin\u00e1ria libanesa no sul do Brasil, reinam os temperos mediterr\u00e2neos. Comida caseira gostosa e bem servida tem no Machry Armaz\u00e9m e Bistr\u00f4 (foto) de onde tamb\u00e9m \u00e9 poss\u00edvel sair com v\u00e1rias del\u00edcias debaixo do bra\u00e7o \u2013 como ch\u00e1s, geleias sem a\u00e7\u00facar, mel org\u00e2nico, mix de chips de vegetais e pizzas levain.<\/p>\n<p>Convencido dos encantos da Zona Sul de Porto Alegre? Agora basta encontrar o seu canto na regi\u00e3o para viver!<\/p>\n","protected":false},"excerpt":{"rendered":"<p>&nbsp; Apaixonar-se pela Zona Sul de Porto Alegre \u00e9 f\u00e1cil A come\u00e7ar pela onipresen\u00e7a do Lago Gua\u00edba, que traz aquele fresquinho com clima de praia para a cidade grande. Tranquilidade, [&hellip;]<\/p>\n","protected":false},"author":2,"featured_media":118,"comment_status":"open","ping_status":"open","sticky":false,"template":"","format":"standard","meta":{"footnotes":""},"categories":[79],"tags":[10,54,48,49,78,57,58,56,51,27,30,4,33,7,41,34,31,55,50,52,5,18,32,53,25],"class_list":["post-112","post","type-post","status-publish","format-standard","has-post-thumbnail","hentry","category-zonasul","tag-alto-padrao","tag-aluguel","tag-apartamento","tag-casa","tag-condominio-fechado","tag-corretor","tag-corretor-de-imoveis","tag-corretor-de-imovel","tag-gaucha","tag-gaucho","tag-guaiba","tag-imobiliaria","tag-imobiliaria-alto-padrao","tag-imovel","tag-imovel-de-alto-padrao","tag-imovel-de-luxo","tag-localizacao-privilegiada","tag-luxo","tag-mudanca","tag-poa","tag-porto-alegre","tag-turismo","tag-turismo-porto-alegre","tag-venda","tag-zona-sul"],"yoast_head":"<!-- This site is optimized with the Yoast SEO plugin v20.6 - https:\/\/yoast.com\/wordpress\/plugins\/seo\/ -->\n<title>5 raz\u00f5es para morar na Zona Sul de Porto Alegre - Vera Bernardes<\/title>\n<meta name=\"description\" content=\"Selecionamos 5 raz\u00f5es para escolher a Zona Sul como o seu canto em Porto Alegre.\" \/>\n<meta name=\"robots\" content=\"index, follow, max-snippet:-1, max-image-preview:large, max-video-preview:-1\" \/>\n<link rel=\"canonical\" href=\"https:\/\/www.verabernardes.com.br\/blog\/5-razoes-para-morar-na-zona-sul-de-porto-alegre\/\" \/>\n<meta property=\"og:locale\" content=\"pt_BR\" \/>\n<meta property=\"og:type\" content=\"article\" \/>\n<meta property=\"og:title\" content=\"5 raz\u00f5es para morar na Zona Sul de Porto Alegre - Vera Bernardes\" \/>\n<meta property=\"og:description\" content=\"Selecionamos 5 raz\u00f5es para escolher a Zona Sul como o seu canto em Porto Alegre.\" \/>\n<meta property=\"og:url\" content=\"https:\/\/www.verabernardes.com.br\/blog\/5-razoes-para-morar-na-zona-sul-de-porto-alegre\/\" \/>\n<meta property=\"og:site_name\" content=\"Vera Bernardes\" \/>\n<meta property=\"article:published_time\" content=\"2022-06-22T03:54:24+00:00\" \/>\n<meta property=\"article:modified_time\" content=\"2023-03-17T15:23:17+00:00\" \/>\n<meta property=\"og:image\" content=\"https:\/\/www.verabernardes.com.br\/blog\/wp-content\/uploads\/2022\/06\/blog-8.jpg\" \/>\n\t<meta property=\"og:image:width\" content=\"510\" \/>\n\t<meta property=\"og:image:height\" content=\"287\" \/>\n\t<meta property=\"og:image:type\" content=\"image\/jpeg\" \/>\n<meta name=\"author\" content=\"Leadlink\" \/>\n<meta name=\"twitter:card\" content=\"summary_large_image\" \/>\n<meta name=\"twitter:label1\" content=\"Escrito por\" \/>\n\t<meta name=\"twitter:data1\" content=\"Leadlink\" \/>\n\t<meta name=\"twitter:label2\" content=\"Est. tempo de leitura\" \/>\n\t<meta name=\"twitter:data2\" content=\"5 minutos\" \/>\n<script type=\"application\/ld+json\" class=\"yoast-schema-graph\">{\"@context\":\"https:\/\/schema.org\",\"@graph\":[{\"@type\":\"WebPage\",\"@id\":\"https:\/\/www.verabernardes.com.br\/blog\/5-razoes-para-morar-na-zona-sul-de-porto-alegre\/\",\"url\":\"https:\/\/www.verabernardes.com.br\/blog\/5-razoes-para-morar-na-zona-sul-de-porto-alegre\/\",\"name\":\"5 raz\u00f5es para morar na Zona Sul de Porto Alegre - Vera Bernardes\",\"isPartOf\":{\"@id\":\"https:\/\/www.verabernardes.com.br\/blog\/#website\"},\"datePublished\":\"2022-06-22T03:54:24+00:00\",\"dateModified\":\"2023-03-17T15:23:17+00:00\",\"author\":{\"@id\":\"https:\/\/www.verabernardes.com.br\/blog\/#\/schema\/person\/1e66ff3025ed796b9c920e68d8a999ea\"},\"description\":\"Selecionamos 5 raz\u00f5es para escolher a Zona Sul como o seu canto em Porto Alegre.\",\"breadcrumb\":{\"@id\":\"https:\/\/www.verabernardes.com.br\/blog\/5-razoes-para-morar-na-zona-sul-de-porto-alegre\/#breadcrumb\"},\"inLanguage\":\"pt-BR\",\"potentialAction\":[{\"@type\":\"ReadAction\",\"target\":[\"https:\/\/www.verabernardes.com.br\/blog\/5-razoes-para-morar-na-zona-sul-de-porto-alegre\/\"]}]},{\"@type\":\"BreadcrumbList\",\"@id\":\"https:\/\/www.verabernardes.com.br\/blog\/5-razoes-para-morar-na-zona-sul-de-porto-alegre\/#breadcrumb\",\"itemListElement\":[{\"@type\":\"ListItem\",\"position\":1,\"name\":\"In\u00edcio\",\"item\":\"https:\/\/www.verabernardes.com.br\/blog\/\"},{\"@type\":\"ListItem\",\"position\":2,\"name\":\"5 raz\u00f5es para morar na Zona Sul de Porto Alegre\"}]},{\"@type\":\"WebSite\",\"@id\":\"https:\/\/www.verabernardes.com.br\/blog\/#website\",\"url\":\"https:\/\/www.verabernardes.com.br\/blog\/\",\"name\":\"Vera Bernardes\",\"description\":\"Assessoria Imobili\u00e1ria\",\"potentialAction\":[{\"@type\":\"SearchAction\",\"target\":{\"@type\":\"EntryPoint\",\"urlTemplate\":\"https:\/\/www.verabernardes.com.br\/blog\/?s={search_term_string}\"},\"query-input\":\"required name=search_term_string\"}],\"inLanguage\":\"pt-BR\"},{\"@type\":\"Person\",\"@id\":\"https:\/\/www.verabernardes.com.br\/blog\/#\/schema\/person\/1e66ff3025ed796b9c920e68d8a999ea\",\"name\":\"Leadlink\",\"image\":{\"@type\":\"ImageObject\",\"inLanguage\":\"pt-BR\",\"@id\":\"https:\/\/www.verabernardes.com.br\/blog\/#\/schema\/person\/image\/\",\"url\":\"https:\/\/secure.gravatar.com\/avatar\/7f5ab160f239d403680f4843e5c8693fc4db2533109d4659e9000d74453b1123?s=96&d=mm&r=g\",\"contentUrl\":\"https:\/\/secure.gravatar.com\/avatar\/7f5ab160f239d403680f4843e5c8693fc4db2533109d4659e9000d74453b1123?s=96&d=mm&r=g\",\"caption\":\"Leadlink\"},\"url\":\"https:\/\/www.verabernardes.com.br\/blog\/author\/leadlink\/\"}]}<\/script>\n<!-- \/ Yoast SEO plugin. -->","yoast_head_json":{"title":"5 raz\u00f5es para morar na Zona Sul de Porto Alegre - Vera Bernardes","description":"Selecionamos 5 raz\u00f5es para escolher a Zona Sul como o seu canto em Porto Alegre.","robots":{"index":"index","follow":"follow","max-snippet":"max-snippet:-1","max-image-preview":"max-image-preview:large","max-video-preview":"max-video-preview:-1"},"canonical":"https:\/\/www.verabernardes.com.br\/blog\/5-razoes-para-morar-na-zona-sul-de-porto-alegre\/","og_locale":"pt_BR","og_type":"article","og_title":"5 raz\u00f5es para morar na Zona Sul de Porto Alegre - Vera Bernardes","og_description":"Selecionamos 5 raz\u00f5es para escolher a Zona Sul como o seu canto em Porto Alegre.","og_url":"https:\/\/www.verabernardes.com.br\/blog\/5-razoes-para-morar-na-zona-sul-de-porto-alegre\/","og_site_name":"Vera Bernardes","article_published_time":"2022-06-22T03:54:24+00:00","article_modified_time":"2023-03-17T15:23:17+00:00","og_image":[{"width":510,"height":287,"url":"https:\/\/www.verabernardes.com.br\/blog\/wp-content\/uploads\/2022\/06\/blog-8.jpg","type":"image\/jpeg"}],"author":"Leadlink","twitter_card":"summary_large_image","twitter_misc":{"Escrito por":"Leadlink","Est. tempo de leitura":"5 minutos"},"schema":{"@context":"https:\/\/schema.org","@graph":[{"@type":"WebPage","@id":"https:\/\/www.verabernardes.com.br\/blog\/5-razoes-para-morar-na-zona-sul-de-porto-alegre\/","url":"https:\/\/www.verabernardes.com.br\/blog\/5-razoes-para-morar-na-zona-sul-de-porto-alegre\/","name":"5 raz\u00f5es para morar na Zona Sul de Porto Alegre - Vera Bernardes","isPartOf":{"@id":"https:\/\/www.verabernardes.com.br\/blog\/#website"},"datePublished":"2022-06-22T03:54:24+00:00","dateModified":"2023-03-17T15:23:17+00:00","author":{"@id":"https:\/\/www.verabernardes.com.br\/blog\/#\/schema\/person\/1e66ff3025ed796b9c920e68d8a999ea"},"description":"Selecionamos 5 raz\u00f5es para escolher a Zona Sul como o seu canto em Porto Alegre.","breadcrumb":{"@id":"https:\/\/www.verabernardes.com.br\/blog\/5-razoes-para-morar-na-zona-sul-de-porto-alegre\/#breadcrumb"},"inLanguage":"pt-BR","potentialAction":[{"@type":"ReadAction","target":["https:\/\/www.verabernardes.com.br\/blog\/5-razoes-para-morar-na-zona-sul-de-porto-alegre\/"]}]},{"@type":"BreadcrumbList","@id":"https:\/\/www.verabernardes.com.br\/blog\/5-razoes-para-morar-na-zona-sul-de-porto-alegre\/#breadcrumb","itemListElement":[{"@type":"ListItem","position":1,"name":"In\u00edcio","item":"https:\/\/www.verabernardes.com.br\/blog\/"},{"@type":"ListItem","position":2,"name":"5 raz\u00f5es para morar na Zona Sul de Porto Alegre"}]},{"@type":"WebSite","@id":"https:\/\/www.verabernardes.com.br\/blog\/#website","url":"https:\/\/www.verabernardes.com.br\/blog\/","name":"Vera Bernardes","description":"Assessoria Imobili\u00e1ria","potentialAction":[{"@type":"SearchAction","target":{"@type":"EntryPoint","urlTemplate":"https:\/\/www.verabernardes.com.br\/blog\/?s={search_term_string}"},"query-input":"required name=search_term_string"}],"inLanguage":"pt-BR"},{"@type":"Person","@id":"https:\/\/www.verabernardes.com.br\/blog\/#\/schema\/person\/1e66ff3025ed796b9c920e68d8a999ea","name":"Leadlink","image":{"@type":"ImageObject","inLanguage":"pt-BR","@id":"https:\/\/www.verabernardes.com.br\/blog\/#\/schema\/person\/image\/","url":"https:\/\/secure.gravatar.com\/avatar\/7f5ab160f239d403680f4843e5c8693fc4db2533109d4659e9000d74453b1123?s=96&d=mm&r=g","contentUrl":"https:\/\/secure.gravatar.com\/avatar\/7f5ab160f239d403680f4843e5c8693fc4db2533109d4659e9000d74453b1123?s=96&d=mm&r=g","caption":"Leadlink"},"url":"https:\/\/www.verabernardes.com.br\/blog\/author\/leadlink\/"}]}},"_links":{"self":[{"href":"https:\/\/www.verabernardes.com.br\/blog\/wp-json\/wp\/v2\/posts\/112","targetHints":{"allow":["GET"]}}],"collection":[{"href":"https:\/\/www.verabernardes.com.br\/blog\/wp-json\/wp\/v2\/posts"}],"about":[{"href":"https:\/\/www.verabernardes.com.br\/blog\/wp-json\/wp\/v2\/types\/post"}],"author":[{"embeddable":true,"href":"https:\/\/www.verabernardes.com.br\/blog\/wp-json\/wp\/v2\/users\/2"}],"replies":[{"embeddable":true,"href":"https:\/\/www.verabernardes.com.br\/blog\/wp-json\/wp\/v2\/comments?post=112"}],"version-history":[{"count":6,"href":"https:\/\/www.verabernardes.com.br\/blog\/wp-json\/wp\/v2\/posts\/112\/revisions"}],"predecessor-version":[{"id":489,"href":"https:\/\/www.verabernardes.com.br\/blog\/wp-json\/wp\/v2\/posts\/112\/revisions\/489"}],"wp:featuredmedia":[{"embeddable":true,"href":"https:\/\/www.verabernardes.com.br\/blog\/wp-json\/wp\/v2\/media\/118"}],"wp:attachment":[{"href":"https:\/\/www.verabernardes.com.br\/blog\/wp-json\/wp\/v2\/media?parent=112"}],"wp:term":[{"taxonomy":"category","embeddable":true,"href":"https:\/\/www.verabernardes.com.br\/blog\/wp-json\/wp\/v2\/categories?post=112"},{"taxonomy":"post_tag","embeddable":true,"href":"https:\/\/www.verabernardes.com.br\/blog\/wp-json\/wp\/v2\/tags?post=112"}],"curies":[{"name":"wp","href":"https:\/\/api.w.org\/{rel}","templated":true}]}}